{"id":3702,"date":"2026-03-16T09:45:20","date_gmt":"2026-03-16T09:45:20","guid":{"rendered":"https:\/\/meinrecht.or.at\/?p=3702"},"modified":"2026-03-16T10:00:52","modified_gmt":"2026-03-16T10:00:52","slug":"telearbeitszeitgesetz","status":"publish","type":"post","link":"https:\/\/meinrecht.or.at\/?p=3702","title":{"rendered":"Telearbeitszeitgesetz"},"content":{"rendered":"\n<p>Seit <strong>1. J\u00e4nner 2025<\/strong> gilt in \u00d6sterreich eine neue gesetzliche Regelung zur <strong>Telearbeit<\/strong>. Die bisherigen Bestimmungen zum Homeoffice wurden erweitert und durch ein modernes Modell ersetzt.<\/p>\n\n\n\n<p>Ziel der neuen Regelung ist es, die zunehmende <strong>flexible Arbeitsweise au\u00dferhalb des Unternehmens<\/strong> rechtlich klar zu erfassen.<\/p>\n\n\n\n<p><strong>Erweiterung \u00fcber Homeoffice hinaus<\/strong><\/p>\n\n\n\n<p>W\u00e4hrend bisher vor allem das Arbeiten <strong>von der eigenen Wohnung aus<\/strong> geregelt war, umfasst das neue Gesetz nun allgemein <strong>Telearbeit<\/strong>. Arbeitnehmer k\u00f6nnen ihre T\u00e4tigkeit damit auch an anderen Orten aus\u00fcben, etwa in:<\/p>\n\n\n\n<p>\u2022 Coworking-Spaces<\/p>\n\n\n\n<p>\u2022 Zweitwohnungen<\/p>\n\n\n\n<p>\u2022 \u00f6ffentlichen Arbeitsbereichen<\/p>\n\n\n\n<p>\u2022 oder anderen geeigneten Arbeitsorten<\/p>\n\n\n\n<p>Voraussetzung ist allerdings immer eine <strong>Vereinbarung zwischen Arbeitgeber und Arbeitnehmer<\/strong>. Ein gesetzlicher Anspruch auf Telearbeit besteht nicht.<\/p>\n\n\n\n<p><strong>Schriftliche Vereinbarung erforderlich<\/strong><\/p>\n\n\n\n<p>Die Telearbeit muss <strong>schriftlich oder elektronisch vereinbart<\/strong> werden. In der Vereinbarung werden typischerweise Fragen zu Arbeitsmitteln, Kostenersatz, Datenschutz und organisatorischen Abl\u00e4ufen geregelt.<\/p>\n\n\n\n<p><strong>Mehr Rechtssicherheit f\u00fcr flexible Arbeit<\/strong><\/p>\n\n\n\n<p>Mit der neuen Regelung reagiert der Gesetzgeber auf die zunehmende Digitalisierung der Arbeitswelt. Unternehmen und Arbeitnehmer erhalten damit <strong>mehr Rechtssicherheit f\u00fcr moderne Arbeitsformen<\/strong>.<\/p>\n","protected":false},"excerpt":{"rendered":"<p>Seit 1. J\u00e4nner 2025 gilt in \u00d6sterreich eine neue gesetzliche Regelung zur Telearbeit. Die bisherigen Bestimmungen zum Homeoffice wurden erweitert und durch ein modernes Modell ersetzt. Ziel der neuen Regelung ist es, die zunehmende flexible Arbeitsweise au\u00dferhalb des Unternehmens rechtlich klar zu erfassen. Erweiterung \u00fcber Homeoffice hinaus W\u00e4hrend bisher vor allem das Arbeiten von der [&hellip;]<\/p>\n","protected":false},"author":1,"featured_media":3704,"comment_status":"closed","ping_status":"closed","sticky":false,"template":"","format":"standard","meta":{"footnotes":""},"categories":[1],"tags":[],"class_list":["post-3702","post","type-post","status-publish","format-standard","has-post-thumbnail","hentry","category-allgemeines"],"_links":{"self":[{"href":"https:\/\/meinrecht.or.at\/index.php?rest_route=\/wp\/v2\/posts\/3702","targetHints":{"allow":["GET"]}}],"collection":[{"href":"https:\/\/meinrecht.or.at\/index.php?rest_route=\/wp\/v2\/posts"}],"about":[{"href":"https:\/\/meinrecht.or.at\/index.php?rest_route=\/wp\/v2\/types\/post"}],"author":[{"embeddable":true,"href":"https:\/\/meinrecht.or.at\/index.php?rest_route=\/wp\/v2\/users\/1"}],"replies":[{"embeddable":true,"href":"https:\/\/meinrecht.or.at\/index.php?rest_route=%2Fwp%2Fv2%2Fcomments&post=3702"}],"version-history":[{"count":1,"href":"https:\/\/meinrecht.or.at\/index.php?rest_route=\/wp\/v2\/posts\/3702\/revisions"}],"predecessor-version":[{"id":3703,"href":"https:\/\/meinrecht.or.at\/index.php?rest_route=\/wp\/v2\/posts\/3702\/revisions\/3703"}],"wp:featuredmedia":[{"embeddable":true,"href":"https:\/\/meinrecht.or.at\/index.php?rest_route=\/wp\/v2\/media\/3704"}],"wp:attachment":[{"href":"https:\/\/meinrecht.or.at\/index.php?rest_route=%2Fwp%2Fv2%2Fmedia&parent=3702"}],"wp:term":[{"taxonomy":"category","embeddable":true,"href":"https:\/\/meinrecht.or.at\/index.php?rest_route=%2Fwp%2Fv2%2Fcategories&post=3702"},{"taxonomy":"post_tag","embeddable":true,"href":"https:\/\/meinrecht.or.at\/index.php?rest_route=%2Fwp%2Fv2%2Ftags&post=3702"}],"curies":[{"name":"wp","href":"https:\/\/api.w.org\/{rel}","templated":true}]}}